{"id":220,"date":"2022-12-01T10:39:52","date_gmt":"2022-12-01T09:39:52","guid":{"rendered":"https:\/\/rapportdactivite.fondsdegarantie.fr\/2019\/?p=220"},"modified":"2022-12-01T12:10:16","modified_gmt":"2022-12-01T11:10:16","slug":"je-ne-me-suis-pratiquement-occupe-de-rien","status":"publish","type":"post","link":"https:\/\/rapportdactivite.fondsdegarantie.fr\/2021\/je-ne-me-suis-pratiquement-occupe-de-rien\/","title":{"rendered":"&#8220;Je ne me suis pratiquement occup\u00e9 de rien&#8221;"},"content":{"rendered":"\r\n<figure class=\"wp-block-embed-youtube aligncenter wp-block-embed is-type-video is-provider-youtube wp-embed-aspect-16-9 wp-has-aspect-ratio\"><div class=\"wp-block-embed__wrapper\">\r\n<iframe loading=\"lazy\"  id=\"_ytid_45967\"  width=\"920\" height=\"517\"  data-origwidth=\"920\" data-origheight=\"517\"  data-relstop=\"1\" src=\"https:\/\/www.youtube.com\/embed\/bcegOpa9wp8?enablejsapi=1&#038;autoplay=0&#038;cc_load_policy=0&#038;cc_lang_pref=&#038;iv_load_policy=1&#038;loop=0&#038;modestbranding=0&#038;rel=0&#038;fs=1&#038;playsinline=0&#038;autohide=2&#038;theme=dark&#038;color=red&#038;controls=1&#038;\" class=\"__youtube_prefs__  epyt-is-override  no-lazyload\" title=\"YouTube player\"  allow=\"fullscreen; accelerometer; autoplay; clipboard-write; encrypted-media; gyroscope; picture-in-picture\" allowfullscreen data-no-lazy=\"1\" data-skipgform_ajax_framebjll=\"\"><\/iframe>\n<\/div><\/figure>\r\n\r\n\r\n\r\n<p><strong>Victime d&#8217;un pr\u00e9judice corporel lourd<\/strong>. <\/p>\r\n\r\n\r\n\r\n<p>C&#8217;\u00e9tait le 21 avril 2011. Philippe se souviendra toute sa vie de cette date.<br>Un chauffard, apr\u00e8s avoir vol\u00e9 une moto, l\u2019a fauch\u00e9 et lui a \u00f4t\u00e9 l&#8217;<strong>usage de la jambe gauche <\/strong>et lui a<strong> cass\u00e9 l&#8217;\u00e9paule<\/strong>. 7 ann\u00e9es&#8230; C&#8217;est le temps qu&#8217;il a fallu \u00e0 Philippe pour se r\u00e9tablir compl\u00e8tement.<\/p>\r\n\r\n\r\n\r\n<figure class=\"wp-block-image size-large\"><img src=\"https:\/\/rapportdactivitefgv.lmc-prod.fr\/2021\/wp-content\/uploads\/2020\/10\/Philippe-Daumas-3-copie-1024x693.jpg\" alt=\"\" class=\"wp-image-715\"\/><\/figure>\r\n\r\n\r\n\r\n<p>Malgr\u00e9 son interpellation,<strong> le responsable n&#8217;\u00e9tait pas solvable<\/strong> et n&#8217;avait ni papier, ni domicile. Philippe nous raconte que sans le Fonds de Garantie des Victimes, il ne &#8220;sait pas o\u00f9 il en serait&#8221; aujourd&#8217;hui.<\/p>\r\n\r\n\r\n\r\n<p>Le Fonds lui a assur\u00e9 un accompagnement rapide et individualis\u00e9 durant ces <strong>7 ann\u00e9es de reconstruction<\/strong> physique et morale. Ce suivi allait de la prise d&#8217;informations concernant sa sant\u00e9, jusqu&#8217;\u00e0 la prise en charge des besoins pratiques li\u00e9s \u00e0 son handicap, ou toute autre action n\u00e9cessaire au <strong>retour \u00e0 une vie sereine<\/strong>.<\/p>\r\n","protected":false},"excerpt":{"rendered":"<p>Victime d&#8217;un pr\u00e9judice corporel lourd. C&#8217;\u00e9tait le 21 avril 2011. Philippe se souviendra toute sa vie de cette date.Un chauffard, apr\u00e8s avoir vol\u00e9 une moto, l\u2019a fauch\u00e9 et lui a \u00f4t\u00e9 l&#8217;usage de la jambe gauche et lui a cass\u00e9 l&#8217;\u00e9paule. 7 ann\u00e9es&#8230; C&#8217;est le temps qu&#8217;il a fallu \u00e0 Philippe pour se r\u00e9tablir compl\u00e8tement. Malgr\u00e9 son interpellation, le responsable n&#8217;\u00e9tait pas solvable et n&#8217;avait ni papier, ni domicile. Philippe nous raconte que sans le Fonds de Garantie des Victimes, il ne &#8220;sait pas o\u00f9 il en serait&#8221; aujourd&#8217;hui. Le Fonds lui a assur\u00e9 un accompagnement rapide et individualis\u00e9 durant ces 7 ann\u00e9es de reconstruction physique et morale. Ce suivi allait de la prise d&#8217;informations concernant sa sant\u00e9, jusqu&#8217;\u00e0 la prise en charge des besoins pratiques li\u00e9s \u00e0 son handicap, ou toute autre action n\u00e9cessaire au retour \u00e0 une vie sereine.<\/p>\n","protected":false},"author":1,"featured_media":672,"comment_status":"closed","ping_status":"closed","sticky":false,"template":"","format":"standard","meta":[],"categories":[22],"tags":[],"yoast_head":"<!-- This site is optimized with the Yoast SEO plugin v19.7.2 - https:\/\/yoast.com\/wordpress\/plugins\/seo\/ -->\n<title>&quot;Je ne me suis pratiquement occup\u00e9 de rien&quot; - Rapport d&#039;Activit\u00e9 2020\/2021 | Le Fonds de Garantie des Victimes<\/title>\n<meta name=\"description\" content=\"Histoire de Philippe, victime d&#039;un pr\u00e9judice corporel lourd. Il revient sur son accident ainsi que l&#039;aide re\u00e7u de la part du FDG.\" \/>\n<meta name=\"robots\" content=\"index, follow, max-snippet:-1, max-image-preview:large, max-video-preview:-1\" \/>\n<link rel=\"canonical\" href=\"https:\/\/rapportdactivite.fondsdegarantie.fr\/2021\/je-ne-me-suis-pratiquement-occupe-de-rien\/\" \/>\n<meta property=\"og:locale\" content=\"en_US\" \/>\n<meta property=\"og:type\" content=\"article\" \/>\n<meta property=\"og:title\" content=\"&quot;Je ne me suis pratiquement occup\u00e9 de rien&quot; - Rapport d&#039;Activit\u00e9 2020\/2021 | Le Fonds de Garantie des Victimes\" \/>\n<meta property=\"og:description\" content=\"Histoire de Philippe, victime d&#039;un pr\u00e9judice corporel lourd. Il revient sur son accident ainsi que l&#039;aide re\u00e7u de la part du FDG.\" \/>\n<meta property=\"og:url\" content=\"https:\/\/rapportdactivite.fondsdegarantie.fr\/2021\/je-ne-me-suis-pratiquement-occupe-de-rien\/\" \/>\n<meta property=\"og:site_name\" content=\"Rapport d&#039;Activit\u00e9 2020\/2021 | Le Fonds de Garantie des Victimes\" \/>\n<meta property=\"article:published_time\" content=\"2022-12-01T09:39:52+00:00\" \/>\n<meta property=\"article:modified_time\" content=\"2022-12-01T11:10:16+00:00\" \/>\n<meta property=\"og:image\" content=\"https:\/\/rapportdactivite.fondsdegarantie.fr\/2021\/wp-content\/uploads\/2020\/09\/Philippe-Daumas-3-copie-scaled.jpg\" \/>\n\t<meta property=\"og:image:width\" content=\"2560\" \/>\n\t<meta property=\"og:image:height\" content=\"1732\" \/>\n\t<meta property=\"og:image:type\" content=\"image\/jpeg\" \/>\n<meta name=\"author\" content=\"Admin\" \/>\n<meta name=\"twitter:card\" content=\"summary_large_image\" \/>\n<meta name=\"twitter:label1\" content=\"Written by\" \/>\n\t<meta name=\"twitter:data1\" content=\"Admin\" \/>\n\t<meta name=\"twitter:label2\" content=\"Est. reading time\" \/>\n\t<meta name=\"twitter:data2\" content=\"1 minute\" \/>\n<script type=\"application\/ld+json\" class=\"yoast-schema-graph\">{\"@context\":\"https:\/\/schema.org\",\"@graph\":[{\"@type\":\"WebPage\",\"@id\":\"https:\/\/rapportdactivite.fondsdegarantie.fr\/2021\/je-ne-me-suis-pratiquement-occupe-de-rien\/\",\"url\":\"https:\/\/rapportdactivite.fondsdegarantie.fr\/2021\/je-ne-me-suis-pratiquement-occupe-de-rien\/\",\"name\":\"\\\"Je ne me suis pratiquement occup\u00e9 de rien\\\" - Rapport d&#039;Activit\u00e9 2020\/2021 | Le Fonds de Garantie des Victimes\",\"isPartOf\":{\"@id\":\"https:\/\/rapportdactivite.fondsdegarantie.fr\/2021\/#website\"},\"datePublished\":\"2022-12-01T09:39:52+00:00\",\"dateModified\":\"2022-12-01T11:10:16+00:00\",\"author\":{\"@id\":\"https:\/\/rapportdactivite.fondsdegarantie.fr\/2021\/#\/schema\/person\/2108d4f07fa30e569dd2419219ce622b\"},\"description\":\"Histoire de Philippe, victime d'un pr\u00e9judice corporel lourd. Il revient sur son accident ainsi que l'aide re\u00e7u de la part du FDG.\",\"breadcrumb\":{\"@id\":\"https:\/\/rapportdactivite.fondsdegarantie.fr\/2021\/je-ne-me-suis-pratiquement-occupe-de-rien\/#breadcrumb\"},\"inLanguage\":\"en-US\",\"potentialAction\":[{\"@type\":\"ReadAction\",\"target\":[\"https:\/\/rapportdactivite.fondsdegarantie.fr\/2021\/je-ne-me-suis-pratiquement-occupe-de-rien\/\"]}]},{\"@type\":\"BreadcrumbList\",\"@id\":\"https:\/\/rapportdactivite.fondsdegarantie.fr\/2021\/je-ne-me-suis-pratiquement-occupe-de-rien\/#breadcrumb\",\"itemListElement\":[{\"@type\":\"ListItem\",\"position\":1,\"name\":\"Accueil\",\"item\":\"https:\/\/rapportdactivite.fondsdegarantie.fr\/2021\/\"},{\"@type\":\"ListItem\",\"position\":2,\"name\":\"&#8220;Je ne me suis pratiquement occup\u00e9 de rien&#8221;\"}]},{\"@type\":\"WebSite\",\"@id\":\"https:\/\/rapportdactivite.fondsdegarantie.fr\/2021\/#website\",\"url\":\"https:\/\/rapportdactivite.fondsdegarantie.fr\/2021\/\",\"name\":\"Rapport d&#039;Activit\u00e9 2020\/2021 | Le Fonds de Garantie des Victimes\",\"description\":\"Rapport d&#039;Activit\u00e9 2019\/2020 | Le Fonds de Garantie des Victimes\",\"potentialAction\":[{\"@type\":\"SearchAction\",\"target\":{\"@type\":\"EntryPoint\",\"urlTemplate\":\"https:\/\/rapportdactivite.fondsdegarantie.fr\/2021\/?s={search_term_string}\"},\"query-input\":\"required name=search_term_string\"}],\"inLanguage\":\"en-US\"},{\"@type\":\"Person\",\"@id\":\"https:\/\/rapportdactivite.fondsdegarantie.fr\/2021\/#\/schema\/person\/2108d4f07fa30e569dd2419219ce622b\",\"name\":\"Admin\",\"sameAs\":[\"https:\/\/rapportdactivite.fondsdegarantie.fr\/2019\"],\"url\":\"https:\/\/rapportdactivite.fondsdegarantie.fr\/2021\/author\/admin\/\"}]}<\/script>\n<!-- \/ Yoast SEO plugin. -->","yoast_head_json":{"title":"\"Je ne me suis pratiquement occup\u00e9 de rien\" - Rapport d&#039;Activit\u00e9 2020\/2021 | Le Fonds de Garantie des Victimes","description":"Histoire de Philippe, victime d'un pr\u00e9judice corporel lourd. Il revient sur son accident ainsi que l'aide re\u00e7u de la part du FDG.","robots":{"index":"index","follow":"follow","max-snippet":"max-snippet:-1","max-image-preview":"max-image-preview:large","max-video-preview":"max-video-preview:-1"},"canonical":"https:\/\/rapportdactivite.fondsdegarantie.fr\/2021\/je-ne-me-suis-pratiquement-occupe-de-rien\/","og_locale":"en_US","og_type":"article","og_title":"\"Je ne me suis pratiquement occup\u00e9 de rien\" - Rapport d&#039;Activit\u00e9 2020\/2021 | Le Fonds de Garantie des Victimes","og_description":"Histoire de Philippe, victime d'un pr\u00e9judice corporel lourd. Il revient sur son accident ainsi que l'aide re\u00e7u de la part du FDG.","og_url":"https:\/\/rapportdactivite.fondsdegarantie.fr\/2021\/je-ne-me-suis-pratiquement-occupe-de-rien\/","og_site_name":"Rapport d&#039;Activit\u00e9 2020\/2021 | Le Fonds de Garantie des Victimes","article_published_time":"2022-12-01T09:39:52+00:00","article_modified_time":"2022-12-01T11:10:16+00:00","og_image":[{"width":2560,"height":1732,"url":"https:\/\/rapportdactivite.fondsdegarantie.fr\/2021\/wp-content\/uploads\/2020\/09\/Philippe-Daumas-3-copie-scaled.jpg","type":"image\/jpeg"}],"author":"Admin","twitter_card":"summary_large_image","twitter_misc":{"Written by":"Admin","Est. reading time":"1 minute"},"schema":{"@context":"https:\/\/schema.org","@graph":[{"@type":"WebPage","@id":"https:\/\/rapportdactivite.fondsdegarantie.fr\/2021\/je-ne-me-suis-pratiquement-occupe-de-rien\/","url":"https:\/\/rapportdactivite.fondsdegarantie.fr\/2021\/je-ne-me-suis-pratiquement-occupe-de-rien\/","name":"\"Je ne me suis pratiquement occup\u00e9 de rien\" - Rapport d&#039;Activit\u00e9 2020\/2021 | Le Fonds de Garantie des Victimes","isPartOf":{"@id":"https:\/\/rapportdactivite.fondsdegarantie.fr\/2021\/#website"},"datePublished":"2022-12-01T09:39:52+00:00","dateModified":"2022-12-01T11:10:16+00:00","author":{"@id":"https:\/\/rapportdactivite.fondsdegarantie.fr\/2021\/#\/schema\/person\/2108d4f07fa30e569dd2419219ce622b"},"description":"Histoire de Philippe, victime d'un pr\u00e9judice corporel lourd. Il revient sur son accident ainsi que l'aide re\u00e7u de la part du FDG.","breadcrumb":{"@id":"https:\/\/rapportdactivite.fondsdegarantie.fr\/2021\/je-ne-me-suis-pratiquement-occupe-de-rien\/#breadcrumb"},"inLanguage":"en-US","potentialAction":[{"@type":"ReadAction","target":["https:\/\/rapportdactivite.fondsdegarantie.fr\/2021\/je-ne-me-suis-pratiquement-occupe-de-rien\/"]}]},{"@type":"BreadcrumbList","@id":"https:\/\/rapportdactivite.fondsdegarantie.fr\/2021\/je-ne-me-suis-pratiquement-occupe-de-rien\/#breadcrumb","itemListElement":[{"@type":"ListItem","position":1,"name":"Accueil","item":"https:\/\/rapportdactivite.fondsdegarantie.fr\/2021\/"},{"@type":"ListItem","position":2,"name":"&#8220;Je ne me suis pratiquement occup\u00e9 de rien&#8221;"}]},{"@type":"WebSite","@id":"https:\/\/rapportdactivite.fondsdegarantie.fr\/2021\/#website","url":"https:\/\/rapportdactivite.fondsdegarantie.fr\/2021\/","name":"Rapport d&#039;Activit\u00e9 2020\/2021 | Le Fonds de Garantie des Victimes","description":"Rapport d&#039;Activit\u00e9 2019\/2020 | Le Fonds de Garantie des Victimes","potentialAction":[{"@type":"SearchAction","target":{"@type":"EntryPoint","urlTemplate":"https:\/\/rapportdactivite.fondsdegarantie.fr\/2021\/?s={search_term_string}"},"query-input":"required name=search_term_string"}],"inLanguage":"en-US"},{"@type":"Person","@id":"https:\/\/rapportdactivite.fondsdegarantie.fr\/2021\/#\/schema\/person\/2108d4f07fa30e569dd2419219ce622b","name":"Admin","sameAs":["https:\/\/rapportdactivite.fondsdegarantie.fr\/2019"],"url":"https:\/\/rapportdactivite.fondsdegarantie.fr\/2021\/author\/admin\/"}]}},"views":381,"_links":{"self":[{"href":"https:\/\/rapportdactivite.fondsdegarantie.fr\/2021\/wp-json\/wp\/v2\/posts\/220"}],"collection":[{"href":"https:\/\/rapportdactivite.fondsdegarantie.fr\/2021\/wp-json\/wp\/v2\/posts"}],"about":[{"href":"https:\/\/rapportdactivite.fondsdegarantie.fr\/2021\/wp-json\/wp\/v2\/types\/post"}],"author":[{"embeddable":true,"href":"https:\/\/rapportdactivite.fondsdegarantie.fr\/2021\/wp-json\/wp\/v2\/users\/1"}],"replies":[{"embeddable":true,"href":"https:\/\/rapportdactivite.fondsdegarantie.fr\/2021\/wp-json\/wp\/v2\/comments?post=220"}],"version-history":[{"count":21,"href":"https:\/\/rapportdactivite.fondsdegarantie.fr\/2021\/wp-json\/wp\/v2\/posts\/220\/revisions"}],"predecessor-version":[{"id":3014,"href":"https:\/\/rapportdactivite.fondsdegarantie.fr\/2021\/wp-json\/wp\/v2\/posts\/220\/revisions\/3014"}],"wp:featuredmedia":[{"embeddable":true,"href":"https:\/\/rapportdactivite.fondsdegarantie.fr\/2021\/wp-json\/wp\/v2\/media\/672"}],"wp:attachment":[{"href":"https:\/\/rapportdactivite.fondsdegarantie.fr\/2021\/wp-json\/wp\/v2\/media?parent=220"}],"wp:term":[{"taxonomy":"category","embeddable":true,"href":"https:\/\/rapportdactivite.fondsdegarantie.fr\/2021\/wp-json\/wp\/v2\/categories?post=220"},{"taxonomy":"post_tag","embeddable":true,"href":"https:\/\/rapportdactivite.fondsdegarantie.fr\/2021\/wp-json\/wp\/v2\/tags?post=220"}],"curies":[{"name":"wp","href":"https:\/\/api.w.org\/{rel}","templated":true}]}}