{"id":2688,"date":"2022-10-27T10:53:20","date_gmt":"2022-10-27T08:53:20","guid":{"rendered":"https:\/\/rapportdactivitefgv.lmc-prod.fr\/2021\/?p=2688"},"modified":"2022-10-31T14:05:58","modified_gmt":"2022-10-31T13:05:58","slug":"grace-au-fonds-jau-pu-reconstruire-ma-vie","status":"publish","type":"post","link":"https:\/\/rapportdactivite.fondsdegarantie.fr\/2021\/grace-au-fonds-jau-pu-reconstruire-ma-vie\/","title":{"rendered":"&#8220;Gr\u00e2ce au Fonds, j&#8217;ai pu reconstruire ma vie&#8221;"},"content":{"rendered":"<iframe  id=\"_ytid_30754\"  width=\"920\" height=\"517\"  data-origwidth=\"920\" data-origheight=\"517\"  data-relstop=\"1\" src=\"https:\/\/www.youtube.com\/embed\/dSezPjGdUg0?enablejsapi=1&autoplay=0&cc_load_policy=0&cc_lang_pref=&iv_load_policy=1&loop=0&modestbranding=0&rel=0&fs=1&playsinline=0&autohide=2&theme=dark&color=red&controls=1&\" class=\"__youtube_prefs__  no-lazyload\" title=\"YouTube player\"  allow=\"fullscreen; accelerometer; autoplay; clipboard-write; encrypted-media; gyroscope; picture-in-picture\" allowfullscreen data-no-lazy=\"1\" data-skipgform_ajax_framebjll=\"\"><\/iframe>\n<p><span style=\"font-weight: 400;\">Patricia est violemment agress\u00e9e en pleine rue par un auteur qui lui \u00f4te la vue. La vie de cette jeune m\u00e8re d\u2019une fillette de 10 ans bascule. Elle doit \u201ctout recommencer\u201d. Elle est alors rassur\u00e9e et accompagn\u00e9e dans sa prise en charge et sa reconstruction par un collaborateur du Fonds de Garantie des Victimes au sein de la d\u00e9l\u00e9gation de Marseille.\u00a0 Elle pr\u00e9side aujourd\u2019hui la d\u00e9l\u00e9gation Provence C\u00f4te d&#8217;Azur Corse des chiens guides d&#8217;aveugles. D\u00e9couvrez son histoire.<\/span><\/p>\n<p><a href=\"https:\/\/rapportdactivitefgv.lmc-prod.fr\/2021\/wp-content\/uploads\/2022\/10\/Patricia.jpg\"><img loading=\"lazy\" class=\"size-large wp-image-2694\" title=\"Patricia\" src=\"https:\/\/rapportdactivitefgv.lmc-prod.fr\/2021\/wp-content\/uploads\/2022\/10\/Patricia-1024x648.jpg\" alt=\"Patricia\" width=\"640\" height=\"405\" srcset=\"https:\/\/rapportdactivite.fondsdegarantie.fr\/2021\/wp-content\/uploads\/2022\/10\/Patricia-1024x648.jpg 1024w, https:\/\/rapportdactivite.fondsdegarantie.fr\/2021\/wp-content\/uploads\/2022\/10\/Patricia-300x190.jpg 300w, https:\/\/rapportdactivite.fondsdegarantie.fr\/2021\/wp-content\/uploads\/2022\/10\/Patricia-768x486.jpg 768w, https:\/\/rapportdactivite.fondsdegarantie.fr\/2021\/wp-content\/uploads\/2022\/10\/Patricia-600x380.jpg 600w, https:\/\/rapportdactivite.fondsdegarantie.fr\/2021\/wp-content\/uploads\/2022\/10\/Patricia.jpg 1358w\" sizes=\"(max-width: 640px) 100vw, 640px\" \/><\/a><\/p>\n<p>&nbsp;<\/p>\n","protected":false},"excerpt":{"rendered":"<p>Patricia est violemment agress\u00e9e en pleine rue par un auteur qui lui \u00f4te la vue. La vie de cette jeune m\u00e8re d\u2019une fillette de 10 ans bascule. Elle doit \u201ctout recommencer\u201d. Elle est alors rassur\u00e9e et accompagn\u00e9e dans sa prise en charge et sa reconstruction par un collaborateur du Fonds de Garantie des Victimes au sein de la d\u00e9l\u00e9gation de Marseille.\u00a0 Elle pr\u00e9side aujourd\u2019hui la d\u00e9l\u00e9gation Provence C\u00f4te d&#8217;Azur Corse des chiens guides d&#8217;aveugles. D\u00e9couvrez son histoire. &nbsp;<\/p>\n","protected":false},"author":1,"featured_media":2694,"comment_status":"closed","ping_status":"closed","sticky":false,"template":"","format":"standard","meta":[],"categories":[17],"tags":[],"yoast_head":"<!-- This site is optimized with the Yoast SEO plugin v19.7.2 - https:\/\/yoast.com\/wordpress\/plugins\/seo\/ -->\n<title>&quot;Gr\u00e2ce au Fonds, j&#039;ai pu reconstruire ma vie&quot; - Rapport d&#039;Activit\u00e9 2020\/2021 | Le Fonds de Garantie des Victimes<\/title>\n<meta name=\"robots\" content=\"index, follow, max-snippet:-1, max-image-preview:large, max-video-preview:-1\" \/>\n<link rel=\"canonical\" href=\"https:\/\/rapportdactivite.fondsdegarantie.fr\/2021\/grace-au-fonds-jau-pu-reconstruire-ma-vie\/\" \/>\n<meta property=\"og:locale\" content=\"en_US\" \/>\n<meta property=\"og:type\" content=\"article\" \/>\n<meta property=\"og:title\" content=\"&quot;Gr\u00e2ce au Fonds, j&#039;ai pu reconstruire ma vie&quot; - Rapport d&#039;Activit\u00e9 2020\/2021 | Le Fonds de Garantie des Victimes\" \/>\n<meta property=\"og:description\" content=\"Patricia est violemment agress\u00e9e en pleine rue par un auteur qui lui \u00f4te la vue. La vie de cette jeune m\u00e8re d\u2019une fillette de 10 ans bascule. Elle doit \u201ctout recommencer\u201d. Elle est alors rassur\u00e9e et accompagn\u00e9e dans sa prise en charge et sa reconstruction par un collaborateur du Fonds de Garantie des Victimes au sein de la d\u00e9l\u00e9gation de Marseille.\u00a0 Elle pr\u00e9side aujourd\u2019hui la d\u00e9l\u00e9gation Provence C\u00f4te d&#8217;Azur Corse des chiens guides d&#8217;aveugles. D\u00e9couvrez son histoire. &nbsp;\" \/>\n<meta property=\"og:url\" content=\"https:\/\/rapportdactivite.fondsdegarantie.fr\/2021\/grace-au-fonds-jau-pu-reconstruire-ma-vie\/\" \/>\n<meta property=\"og:site_name\" content=\"Rapport d&#039;Activit\u00e9 2020\/2021 | Le Fonds de Garantie des Victimes\" \/>\n<meta property=\"article:published_time\" content=\"2022-10-27T08:53:20+00:00\" \/>\n<meta property=\"article:modified_time\" content=\"2022-10-31T13:05:58+00:00\" \/>\n<meta property=\"og:image\" content=\"https:\/\/rapportdactivite.fondsdegarantie.fr\/2021\/wp-content\/uploads\/2022\/10\/Patricia.jpg\" \/>\n\t<meta property=\"og:image:width\" content=\"1358\" \/>\n\t<meta property=\"og:image:height\" content=\"860\" \/>\n\t<meta property=\"og:image:type\" content=\"image\/jpeg\" \/>\n<meta name=\"author\" content=\"Admin\" \/>\n<meta name=\"twitter:card\" content=\"summary_large_image\" \/>\n<meta name=\"twitter:label1\" content=\"Written by\" \/>\n\t<meta name=\"twitter:data1\" content=\"Admin\" \/>\n\t<meta name=\"twitter:label2\" content=\"Est. reading time\" \/>\n\t<meta name=\"twitter:data2\" content=\"1 minute\" \/>\n<script type=\"application\/ld+json\" class=\"yoast-schema-graph\">{\"@context\":\"https:\/\/schema.org\",\"@graph\":[{\"@type\":\"WebPage\",\"@id\":\"https:\/\/rapportdactivite.fondsdegarantie.fr\/2021\/grace-au-fonds-jau-pu-reconstruire-ma-vie\/\",\"url\":\"https:\/\/rapportdactivite.fondsdegarantie.fr\/2021\/grace-au-fonds-jau-pu-reconstruire-ma-vie\/\",\"name\":\"\\\"Gr\u00e2ce au Fonds, j'ai pu reconstruire ma vie\\\" - Rapport d&#039;Activit\u00e9 2020\/2021 | Le Fonds de Garantie des Victimes\",\"isPartOf\":{\"@id\":\"https:\/\/rapportdactivite.fondsdegarantie.fr\/2021\/#website\"},\"datePublished\":\"2022-10-27T08:53:20+00:00\",\"dateModified\":\"2022-10-31T13:05:58+00:00\",\"author\":{\"@id\":\"https:\/\/rapportdactivite.fondsdegarantie.fr\/2021\/#\/schema\/person\/2108d4f07fa30e569dd2419219ce622b\"},\"breadcrumb\":{\"@id\":\"https:\/\/rapportdactivite.fondsdegarantie.fr\/2021\/grace-au-fonds-jau-pu-reconstruire-ma-vie\/#breadcrumb\"},\"inLanguage\":\"en-US\",\"potentialAction\":[{\"@type\":\"ReadAction\",\"target\":[\"https:\/\/rapportdactivite.fondsdegarantie.fr\/2021\/grace-au-fonds-jau-pu-reconstruire-ma-vie\/\"]}]},{\"@type\":\"BreadcrumbList\",\"@id\":\"https:\/\/rapportdactivite.fondsdegarantie.fr\/2021\/grace-au-fonds-jau-pu-reconstruire-ma-vie\/#breadcrumb\",\"itemListElement\":[{\"@type\":\"ListItem\",\"position\":1,\"name\":\"Accueil\",\"item\":\"https:\/\/rapportdactivite.fondsdegarantie.fr\/2021\/\"},{\"@type\":\"ListItem\",\"position\":2,\"name\":\"&#8220;Gr\u00e2ce au Fonds, j&#8217;ai pu reconstruire ma vie&#8221;\"}]},{\"@type\":\"WebSite\",\"@id\":\"https:\/\/rapportdactivite.fondsdegarantie.fr\/2021\/#website\",\"url\":\"https:\/\/rapportdactivite.fondsdegarantie.fr\/2021\/\",\"name\":\"Rapport d&#039;Activit\u00e9 2020\/2021 | Le Fonds de Garantie des Victimes\",\"description\":\"Rapport d&#039;Activit\u00e9 2019\/2020 | Le Fonds de Garantie des Victimes\",\"potentialAction\":[{\"@type\":\"SearchAction\",\"target\":{\"@type\":\"EntryPoint\",\"urlTemplate\":\"https:\/\/rapportdactivite.fondsdegarantie.fr\/2021\/?s={search_term_string}\"},\"query-input\":\"required name=search_term_string\"}],\"inLanguage\":\"en-US\"},{\"@type\":\"Person\",\"@id\":\"https:\/\/rapportdactivite.fondsdegarantie.fr\/2021\/#\/schema\/person\/2108d4f07fa30e569dd2419219ce622b\",\"name\":\"Admin\",\"sameAs\":[\"https:\/\/rapportdactivite.fondsdegarantie.fr\/2019\"],\"url\":\"https:\/\/rapportdactivite.fondsdegarantie.fr\/2021\/author\/admin\/\"}]}<\/script>\n<!-- \/ Yoast SEO plugin. -->","yoast_head_json":{"title":"\"Gr\u00e2ce au Fonds, j'ai pu reconstruire ma vie\" - Rapport d&#039;Activit\u00e9 2020\/2021 | Le Fonds de Garantie des Victimes","robots":{"index":"index","follow":"follow","max-snippet":"max-snippet:-1","max-image-preview":"max-image-preview:large","max-video-preview":"max-video-preview:-1"},"canonical":"https:\/\/rapportdactivite.fondsdegarantie.fr\/2021\/grace-au-fonds-jau-pu-reconstruire-ma-vie\/","og_locale":"en_US","og_type":"article","og_title":"\"Gr\u00e2ce au Fonds, j'ai pu reconstruire ma vie\" - Rapport d&#039;Activit\u00e9 2020\/2021 | Le Fonds de Garantie des Victimes","og_description":"Patricia est violemment agress\u00e9e en pleine rue par un auteur qui lui \u00f4te la vue. La vie de cette jeune m\u00e8re d\u2019une fillette de 10 ans bascule. Elle doit \u201ctout recommencer\u201d. Elle est alors rassur\u00e9e et accompagn\u00e9e dans sa prise en charge et sa reconstruction par un collaborateur du Fonds de Garantie des Victimes au sein de la d\u00e9l\u00e9gation de Marseille.\u00a0 Elle pr\u00e9side aujourd\u2019hui la d\u00e9l\u00e9gation Provence C\u00f4te d&#8217;Azur Corse des chiens guides d&#8217;aveugles. D\u00e9couvrez son histoire. &nbsp;","og_url":"https:\/\/rapportdactivite.fondsdegarantie.fr\/2021\/grace-au-fonds-jau-pu-reconstruire-ma-vie\/","og_site_name":"Rapport d&#039;Activit\u00e9 2020\/2021 | Le Fonds de Garantie des Victimes","article_published_time":"2022-10-27T08:53:20+00:00","article_modified_time":"2022-10-31T13:05:58+00:00","og_image":[{"width":1358,"height":860,"url":"https:\/\/rapportdactivite.fondsdegarantie.fr\/2021\/wp-content\/uploads\/2022\/10\/Patricia.jpg","type":"image\/jpeg"}],"author":"Admin","twitter_card":"summary_large_image","twitter_misc":{"Written by":"Admin","Est. reading time":"1 minute"},"schema":{"@context":"https:\/\/schema.org","@graph":[{"@type":"WebPage","@id":"https:\/\/rapportdactivite.fondsdegarantie.fr\/2021\/grace-au-fonds-jau-pu-reconstruire-ma-vie\/","url":"https:\/\/rapportdactivite.fondsdegarantie.fr\/2021\/grace-au-fonds-jau-pu-reconstruire-ma-vie\/","name":"\"Gr\u00e2ce au Fonds, j'ai pu reconstruire ma vie\" - Rapport d&#039;Activit\u00e9 2020\/2021 | Le Fonds de Garantie des Victimes","isPartOf":{"@id":"https:\/\/rapportdactivite.fondsdegarantie.fr\/2021\/#website"},"datePublished":"2022-10-27T08:53:20+00:00","dateModified":"2022-10-31T13:05:58+00:00","author":{"@id":"https:\/\/rapportdactivite.fondsdegarantie.fr\/2021\/#\/schema\/person\/2108d4f07fa30e569dd2419219ce622b"},"breadcrumb":{"@id":"https:\/\/rapportdactivite.fondsdegarantie.fr\/2021\/grace-au-fonds-jau-pu-reconstruire-ma-vie\/#breadcrumb"},"inLanguage":"en-US","potentialAction":[{"@type":"ReadAction","target":["https:\/\/rapportdactivite.fondsdegarantie.fr\/2021\/grace-au-fonds-jau-pu-reconstruire-ma-vie\/"]}]},{"@type":"BreadcrumbList","@id":"https:\/\/rapportdactivite.fondsdegarantie.fr\/2021\/grace-au-fonds-jau-pu-reconstruire-ma-vie\/#breadcrumb","itemListElement":[{"@type":"ListItem","position":1,"name":"Accueil","item":"https:\/\/rapportdactivite.fondsdegarantie.fr\/2021\/"},{"@type":"ListItem","position":2,"name":"&#8220;Gr\u00e2ce au Fonds, j&#8217;ai pu reconstruire ma vie&#8221;"}]},{"@type":"WebSite","@id":"https:\/\/rapportdactivite.fondsdegarantie.fr\/2021\/#website","url":"https:\/\/rapportdactivite.fondsdegarantie.fr\/2021\/","name":"Rapport d&#039;Activit\u00e9 2020\/2021 | Le Fonds de Garantie des Victimes","description":"Rapport d&#039;Activit\u00e9 2019\/2020 | Le Fonds de Garantie des Victimes","potentialAction":[{"@type":"SearchAction","target":{"@type":"EntryPoint","urlTemplate":"https:\/\/rapportdactivite.fondsdegarantie.fr\/2021\/?s={search_term_string}"},"query-input":"required name=search_term_string"}],"inLanguage":"en-US"},{"@type":"Person","@id":"https:\/\/rapportdactivite.fondsdegarantie.fr\/2021\/#\/schema\/person\/2108d4f07fa30e569dd2419219ce622b","name":"Admin","sameAs":["https:\/\/rapportdactivite.fondsdegarantie.fr\/2019"],"url":"https:\/\/rapportdactivite.fondsdegarantie.fr\/2021\/author\/admin\/"}]}},"views":336,"_links":{"self":[{"href":"https:\/\/rapportdactivite.fondsdegarantie.fr\/2021\/wp-json\/wp\/v2\/posts\/2688"}],"collection":[{"href":"https:\/\/rapportdactivite.fondsdegarantie.fr\/2021\/wp-json\/wp\/v2\/posts"}],"about":[{"href":"https:\/\/rapportdactivite.fondsdegarantie.fr\/2021\/wp-json\/wp\/v2\/types\/post"}],"author":[{"embeddable":true,"href":"https:\/\/rapportdactivite.fondsdegarantie.fr\/2021\/wp-json\/wp\/v2\/users\/1"}],"replies":[{"embeddable":true,"href":"https:\/\/rapportdactivite.fondsdegarantie.fr\/2021\/wp-json\/wp\/v2\/comments?post=2688"}],"version-history":[{"count":5,"href":"https:\/\/rapportdactivite.fondsdegarantie.fr\/2021\/wp-json\/wp\/v2\/posts\/2688\/revisions"}],"predecessor-version":[{"id":2999,"href":"https:\/\/rapportdactivite.fondsdegarantie.fr\/2021\/wp-json\/wp\/v2\/posts\/2688\/revisions\/2999"}],"wp:featuredmedia":[{"embeddable":true,"href":"https:\/\/rapportdactivite.fondsdegarantie.fr\/2021\/wp-json\/wp\/v2\/media\/2694"}],"wp:attachment":[{"href":"https:\/\/rapportdactivite.fondsdegarantie.fr\/2021\/wp-json\/wp\/v2\/media?parent=2688"}],"wp:term":[{"taxonomy":"category","embeddable":true,"href":"https:\/\/rapportdactivite.fondsdegarantie.fr\/2021\/wp-json\/wp\/v2\/categories?post=2688"},{"taxonomy":"post_tag","embeddable":true,"href":"https:\/\/rapportdactivite.fondsdegarantie.fr\/2021\/wp-json\/wp\/v2\/tags?post=2688"}],"curies":[{"name":"wp","href":"https:\/\/api.w.org\/{rel}","templated":true}]}}