{"id":2712,"date":"2022-10-27T11:52:05","date_gmt":"2022-10-27T09:52:05","guid":{"rendered":"https:\/\/rapportdactivitefgv.lmc-prod.fr\/2021\/?p=2712"},"modified":"2022-10-31T14:03:48","modified_gmt":"2022-10-31T13:03:48","slug":"un-accompagnement-de-a-a-z-qui-ma-aide-a-me-sentir-de-nouveau-vivant","status":"publish","type":"post","link":"https:\/\/rapportdactivite.fondsdegarantie.fr\/2021\/un-accompagnement-de-a-a-z-qui-ma-aide-a-me-sentir-de-nouveau-vivant\/","title":{"rendered":"&#8220;Un accompagnement de A \u00e0 Z qui m&#8217;a aid\u00e9 \u00e0 me sentir de nouveau vivant&#8221;"},"content":{"rendered":"<iframe  id=\"_ytid_77969\"  width=\"920\" height=\"517\"  data-origwidth=\"920\" data-origheight=\"517\"  data-relstop=\"1\" src=\"https:\/\/www.youtube.com\/embed\/j2IUNoIlwoo?enablejsapi=1&autoplay=0&cc_load_policy=0&cc_lang_pref=&iv_load_policy=1&loop=0&modestbranding=0&rel=0&fs=1&playsinline=0&autohide=2&theme=dark&color=red&controls=1&\" class=\"__youtube_prefs__  no-lazyload\" title=\"YouTube player\"  allow=\"fullscreen; accelerometer; autoplay; clipboard-write; encrypted-media; gyroscope; picture-in-picture\" allowfullscreen data-no-lazy=\"1\" data-skipgform_ajax_framebjll=\"\"><\/iframe>\n<p><span style=\"font-weight: 400;\">Policier, Olivier intervient au Bataclan le soir du 13 novembre 2015 et essuie des tirs de kalachnikov. Victime directe des terroristes, il est accompagn\u00e9 durant un an par l\u2019\u00e9quipe du Fonds de Garantie des Victimes d\u00e9di\u00e9e \u00e0 la prise en charge des victimes d\u2019attentats.. D\u00e9couvrez son histoire.<\/span><\/p>\n<p><a href=\"https:\/\/rapportdactivitefgv.lmc-prod.fr\/2021\/wp-content\/uploads\/2022\/10\/olivier-bataclan_2209.jpg\"><img loading=\"lazy\" class=\"size-large wp-image-2600 aligncenter\" title=\"olivier bataclan 2209\" src=\"https:\/\/rapportdactivitefgv.lmc-prod.fr\/2021\/wp-content\/uploads\/2022\/10\/olivier-bataclan_2209-1024x576.jpg\" alt=\"olivier bataclan 2209\" width=\"640\" height=\"360\" srcset=\"https:\/\/rapportdactivite.fondsdegarantie.fr\/2021\/wp-content\/uploads\/2022\/10\/olivier-bataclan_2209-1024x576.jpg 1024w, https:\/\/rapportdactivite.fondsdegarantie.fr\/2021\/wp-content\/uploads\/2022\/10\/olivier-bataclan_2209-300x169.jpg 300w, https:\/\/rapportdactivite.fondsdegarantie.fr\/2021\/wp-content\/uploads\/2022\/10\/olivier-bataclan_2209-768x432.jpg 768w, https:\/\/rapportdactivite.fondsdegarantie.fr\/2021\/wp-content\/uploads\/2022\/10\/olivier-bataclan_2209-1536x864.jpg 1536w, https:\/\/rapportdactivite.fondsdegarantie.fr\/2021\/wp-content\/uploads\/2022\/10\/olivier-bataclan_2209-600x338.jpg 600w, https:\/\/rapportdactivite.fondsdegarantie.fr\/2021\/wp-content\/uploads\/2022\/10\/olivier-bataclan_2209.jpg 1912w\" sizes=\"(max-width: 640px) 100vw, 640px\" \/><\/a><\/p>\n","protected":false},"excerpt":{"rendered":"<p>Policier, Olivier intervient au Bataclan le soir du 13 novembre 2015 et essuie des tirs de kalachnikov. Victime directe des terroristes, il est accompagn\u00e9 durant un an par l\u2019\u00e9quipe du Fonds de Garantie des Victimes d\u00e9di\u00e9e \u00e0 la prise en charge des victimes d\u2019attentats.. D\u00e9couvrez son histoire.<\/p>\n","protected":false},"author":1,"featured_media":2600,"comment_status":"closed","ping_status":"closed","sticky":false,"template":"","format":"standard","meta":[],"categories":[18],"tags":[],"yoast_head":"<!-- This site is optimized with the Yoast SEO plugin v19.7.2 - https:\/\/yoast.com\/wordpress\/plugins\/seo\/ -->\n<title>&quot;Un accompagnement de A \u00e0 Z qui m&#039;a aid\u00e9 \u00e0 me sentir de nouveau vivant&quot; - Rapport d&#039;Activit\u00e9 2020\/2021 | Le Fonds de Garantie des Victimes<\/title>\n<meta name=\"robots\" content=\"index, follow, max-snippet:-1, max-image-preview:large, max-video-preview:-1\" \/>\n<link rel=\"canonical\" href=\"https:\/\/rapportdactivite.fondsdegarantie.fr\/2021\/un-accompagnement-de-a-a-z-qui-ma-aide-a-me-sentir-de-nouveau-vivant\/\" \/>\n<meta property=\"og:locale\" content=\"en_US\" \/>\n<meta property=\"og:type\" content=\"article\" \/>\n<meta property=\"og:title\" content=\"&quot;Un accompagnement de A \u00e0 Z qui m&#039;a aid\u00e9 \u00e0 me sentir de nouveau vivant&quot; - Rapport d&#039;Activit\u00e9 2020\/2021 | Le Fonds de Garantie des Victimes\" \/>\n<meta property=\"og:description\" content=\"Policier, Olivier intervient au Bataclan le soir du 13 novembre 2015 et essuie des tirs de kalachnikov. Victime directe des terroristes, il est accompagn\u00e9 durant un an par l\u2019\u00e9quipe du Fonds de Garantie des Victimes d\u00e9di\u00e9e \u00e0 la prise en charge des victimes d\u2019attentats.. D\u00e9couvrez son histoire.\" \/>\n<meta property=\"og:url\" content=\"https:\/\/rapportdactivite.fondsdegarantie.fr\/2021\/un-accompagnement-de-a-a-z-qui-ma-aide-a-me-sentir-de-nouveau-vivant\/\" \/>\n<meta property=\"og:site_name\" content=\"Rapport d&#039;Activit\u00e9 2020\/2021 | Le Fonds de Garantie des Victimes\" \/>\n<meta property=\"article:published_time\" content=\"2022-10-27T09:52:05+00:00\" \/>\n<meta property=\"article:modified_time\" content=\"2022-10-31T13:03:48+00:00\" \/>\n<meta property=\"og:image\" content=\"https:\/\/rapportdactivite.fondsdegarantie.fr\/2021\/wp-content\/uploads\/2022\/10\/olivier-bataclan_2209.jpg\" \/>\n\t<meta property=\"og:image:width\" content=\"1912\" \/>\n\t<meta property=\"og:image:height\" content=\"1076\" \/>\n\t<meta property=\"og:image:type\" content=\"image\/jpeg\" \/>\n<meta name=\"author\" content=\"Admin\" \/>\n<meta name=\"twitter:card\" content=\"summary_large_image\" \/>\n<meta name=\"twitter:label1\" content=\"Written by\" \/>\n\t<meta name=\"twitter:data1\" content=\"Admin\" \/>\n\t<meta name=\"twitter:label2\" content=\"Est. reading time\" \/>\n\t<meta name=\"twitter:data2\" content=\"1 minute\" \/>\n<script type=\"application\/ld+json\" class=\"yoast-schema-graph\">{\"@context\":\"https:\/\/schema.org\",\"@graph\":[{\"@type\":\"WebPage\",\"@id\":\"https:\/\/rapportdactivite.fondsdegarantie.fr\/2021\/un-accompagnement-de-a-a-z-qui-ma-aide-a-me-sentir-de-nouveau-vivant\/\",\"url\":\"https:\/\/rapportdactivite.fondsdegarantie.fr\/2021\/un-accompagnement-de-a-a-z-qui-ma-aide-a-me-sentir-de-nouveau-vivant\/\",\"name\":\"\\\"Un accompagnement de A \u00e0 Z qui m'a aid\u00e9 \u00e0 me sentir de nouveau vivant\\\" - Rapport d&#039;Activit\u00e9 2020\/2021 | Le Fonds de Garantie des Victimes\",\"isPartOf\":{\"@id\":\"https:\/\/rapportdactivite.fondsdegarantie.fr\/2021\/#website\"},\"datePublished\":\"2022-10-27T09:52:05+00:00\",\"dateModified\":\"2022-10-31T13:03:48+00:00\",\"author\":{\"@id\":\"https:\/\/rapportdactivite.fondsdegarantie.fr\/2021\/#\/schema\/person\/2108d4f07fa30e569dd2419219ce622b\"},\"breadcrumb\":{\"@id\":\"https:\/\/rapportdactivite.fondsdegarantie.fr\/2021\/un-accompagnement-de-a-a-z-qui-ma-aide-a-me-sentir-de-nouveau-vivant\/#breadcrumb\"},\"inLanguage\":\"en-US\",\"potentialAction\":[{\"@type\":\"ReadAction\",\"target\":[\"https:\/\/rapportdactivite.fondsdegarantie.fr\/2021\/un-accompagnement-de-a-a-z-qui-ma-aide-a-me-sentir-de-nouveau-vivant\/\"]}]},{\"@type\":\"BreadcrumbList\",\"@id\":\"https:\/\/rapportdactivite.fondsdegarantie.fr\/2021\/un-accompagnement-de-a-a-z-qui-ma-aide-a-me-sentir-de-nouveau-vivant\/#breadcrumb\",\"itemListElement\":[{\"@type\":\"ListItem\",\"position\":1,\"name\":\"Accueil\",\"item\":\"https:\/\/rapportdactivite.fondsdegarantie.fr\/2021\/\"},{\"@type\":\"ListItem\",\"position\":2,\"name\":\"&#8220;Un accompagnement de A \u00e0 Z qui m&#8217;a aid\u00e9 \u00e0 me sentir de nouveau vivant&#8221;\"}]},{\"@type\":\"WebSite\",\"@id\":\"https:\/\/rapportdactivite.fondsdegarantie.fr\/2021\/#website\",\"url\":\"https:\/\/rapportdactivite.fondsdegarantie.fr\/2021\/\",\"name\":\"Rapport d&#039;Activit\u00e9 2020\/2021 | Le Fonds de Garantie des Victimes\",\"description\":\"Rapport d&#039;Activit\u00e9 2019\/2020 | Le Fonds de Garantie des Victimes\",\"potentialAction\":[{\"@type\":\"SearchAction\",\"target\":{\"@type\":\"EntryPoint\",\"urlTemplate\":\"https:\/\/rapportdactivite.fondsdegarantie.fr\/2021\/?s={search_term_string}\"},\"query-input\":\"required name=search_term_string\"}],\"inLanguage\":\"en-US\"},{\"@type\":\"Person\",\"@id\":\"https:\/\/rapportdactivite.fondsdegarantie.fr\/2021\/#\/schema\/person\/2108d4f07fa30e569dd2419219ce622b\",\"name\":\"Admin\",\"sameAs\":[\"https:\/\/rapportdactivite.fondsdegarantie.fr\/2019\"],\"url\":\"https:\/\/rapportdactivite.fondsdegarantie.fr\/2021\/author\/admin\/\"}]}<\/script>\n<!-- \/ Yoast SEO plugin. -->","yoast_head_json":{"title":"\"Un accompagnement de A \u00e0 Z qui m'a aid\u00e9 \u00e0 me sentir de nouveau vivant\" - Rapport d&#039;Activit\u00e9 2020\/2021 | Le Fonds de Garantie des Victimes","robots":{"index":"index","follow":"follow","max-snippet":"max-snippet:-1","max-image-preview":"max-image-preview:large","max-video-preview":"max-video-preview:-1"},"canonical":"https:\/\/rapportdactivite.fondsdegarantie.fr\/2021\/un-accompagnement-de-a-a-z-qui-ma-aide-a-me-sentir-de-nouveau-vivant\/","og_locale":"en_US","og_type":"article","og_title":"\"Un accompagnement de A \u00e0 Z qui m'a aid\u00e9 \u00e0 me sentir de nouveau vivant\" - Rapport d&#039;Activit\u00e9 2020\/2021 | Le Fonds de Garantie des Victimes","og_description":"Policier, Olivier intervient au Bataclan le soir du 13 novembre 2015 et essuie des tirs de kalachnikov. Victime directe des terroristes, il est accompagn\u00e9 durant un an par l\u2019\u00e9quipe du Fonds de Garantie des Victimes d\u00e9di\u00e9e \u00e0 la prise en charge des victimes d\u2019attentats.. D\u00e9couvrez son histoire.","og_url":"https:\/\/rapportdactivite.fondsdegarantie.fr\/2021\/un-accompagnement-de-a-a-z-qui-ma-aide-a-me-sentir-de-nouveau-vivant\/","og_site_name":"Rapport d&#039;Activit\u00e9 2020\/2021 | Le Fonds de Garantie des Victimes","article_published_time":"2022-10-27T09:52:05+00:00","article_modified_time":"2022-10-31T13:03:48+00:00","og_image":[{"width":1912,"height":1076,"url":"https:\/\/rapportdactivite.fondsdegarantie.fr\/2021\/wp-content\/uploads\/2022\/10\/olivier-bataclan_2209.jpg","type":"image\/jpeg"}],"author":"Admin","twitter_card":"summary_large_image","twitter_misc":{"Written by":"Admin","Est. reading time":"1 minute"},"schema":{"@context":"https:\/\/schema.org","@graph":[{"@type":"WebPage","@id":"https:\/\/rapportdactivite.fondsdegarantie.fr\/2021\/un-accompagnement-de-a-a-z-qui-ma-aide-a-me-sentir-de-nouveau-vivant\/","url":"https:\/\/rapportdactivite.fondsdegarantie.fr\/2021\/un-accompagnement-de-a-a-z-qui-ma-aide-a-me-sentir-de-nouveau-vivant\/","name":"\"Un accompagnement de A \u00e0 Z qui m'a aid\u00e9 \u00e0 me sentir de nouveau vivant\" - Rapport d&#039;Activit\u00e9 2020\/2021 | Le Fonds de Garantie des Victimes","isPartOf":{"@id":"https:\/\/rapportdactivite.fondsdegarantie.fr\/2021\/#website"},"datePublished":"2022-10-27T09:52:05+00:00","dateModified":"2022-10-31T13:03:48+00:00","author":{"@id":"https:\/\/rapportdactivite.fondsdegarantie.fr\/2021\/#\/schema\/person\/2108d4f07fa30e569dd2419219ce622b"},"breadcrumb":{"@id":"https:\/\/rapportdactivite.fondsdegarantie.fr\/2021\/un-accompagnement-de-a-a-z-qui-ma-aide-a-me-sentir-de-nouveau-vivant\/#breadcrumb"},"inLanguage":"en-US","potentialAction":[{"@type":"ReadAction","target":["https:\/\/rapportdactivite.fondsdegarantie.fr\/2021\/un-accompagnement-de-a-a-z-qui-ma-aide-a-me-sentir-de-nouveau-vivant\/"]}]},{"@type":"BreadcrumbList","@id":"https:\/\/rapportdactivite.fondsdegarantie.fr\/2021\/un-accompagnement-de-a-a-z-qui-ma-aide-a-me-sentir-de-nouveau-vivant\/#breadcrumb","itemListElement":[{"@type":"ListItem","position":1,"name":"Accueil","item":"https:\/\/rapportdactivite.fondsdegarantie.fr\/2021\/"},{"@type":"ListItem","position":2,"name":"&#8220;Un accompagnement de A \u00e0 Z qui m&#8217;a aid\u00e9 \u00e0 me sentir de nouveau vivant&#8221;"}]},{"@type":"WebSite","@id":"https:\/\/rapportdactivite.fondsdegarantie.fr\/2021\/#website","url":"https:\/\/rapportdactivite.fondsdegarantie.fr\/2021\/","name":"Rapport d&#039;Activit\u00e9 2020\/2021 | Le Fonds de Garantie des Victimes","description":"Rapport d&#039;Activit\u00e9 2019\/2020 | Le Fonds de Garantie des Victimes","potentialAction":[{"@type":"SearchAction","target":{"@type":"EntryPoint","urlTemplate":"https:\/\/rapportdactivite.fondsdegarantie.fr\/2021\/?s={search_term_string}"},"query-input":"required name=search_term_string"}],"inLanguage":"en-US"},{"@type":"Person","@id":"https:\/\/rapportdactivite.fondsdegarantie.fr\/2021\/#\/schema\/person\/2108d4f07fa30e569dd2419219ce622b","name":"Admin","sameAs":["https:\/\/rapportdactivite.fondsdegarantie.fr\/2019"],"url":"https:\/\/rapportdactivite.fondsdegarantie.fr\/2021\/author\/admin\/"}]}},"views":1256,"_links":{"self":[{"href":"https:\/\/rapportdactivite.fondsdegarantie.fr\/2021\/wp-json\/wp\/v2\/posts\/2712"}],"collection":[{"href":"https:\/\/rapportdactivite.fondsdegarantie.fr\/2021\/wp-json\/wp\/v2\/posts"}],"about":[{"href":"https:\/\/rapportdactivite.fondsdegarantie.fr\/2021\/wp-json\/wp\/v2\/types\/post"}],"author":[{"embeddable":true,"href":"https:\/\/rapportdactivite.fondsdegarantie.fr\/2021\/wp-json\/wp\/v2\/users\/1"}],"replies":[{"embeddable":true,"href":"https:\/\/rapportdactivite.fondsdegarantie.fr\/2021\/wp-json\/wp\/v2\/comments?post=2712"}],"version-history":[{"count":4,"href":"https:\/\/rapportdactivite.fondsdegarantie.fr\/2021\/wp-json\/wp\/v2\/posts\/2712\/revisions"}],"predecessor-version":[{"id":2998,"href":"https:\/\/rapportdactivite.fondsdegarantie.fr\/2021\/wp-json\/wp\/v2\/posts\/2712\/revisions\/2998"}],"wp:featuredmedia":[{"embeddable":true,"href":"https:\/\/rapportdactivite.fondsdegarantie.fr\/2021\/wp-json\/wp\/v2\/media\/2600"}],"wp:attachment":[{"href":"https:\/\/rapportdactivite.fondsdegarantie.fr\/2021\/wp-json\/wp\/v2\/media?parent=2712"}],"wp:term":[{"taxonomy":"category","embeddable":true,"href":"https:\/\/rapportdactivite.fondsdegarantie.fr\/2021\/wp-json\/wp\/v2\/categories?post=2712"},{"taxonomy":"post_tag","embeddable":true,"href":"https:\/\/rapportdactivite.fondsdegarantie.fr\/2021\/wp-json\/wp\/v2\/tags?post=2712"}],"curies":[{"name":"wp","href":"https:\/\/api.w.org\/{rel}","templated":true}]}}