{"id":3188,"date":"2022-11-10T15:27:47","date_gmt":"2022-11-10T14:27:47","guid":{"rendered":"https:\/\/rapportdactivitefgv.lmc-prod.fr\/2021\/?p=3188"},"modified":"2022-11-30T17:14:24","modified_gmt":"2022-11-30T16:14:24","slug":"entretien-avec-philippe-pozzo-di-borgo-et-regard-sur-le-handicap","status":"publish","type":"post","link":"https:\/\/rapportdactivite.fondsdegarantie.fr\/2021\/entretien-avec-philippe-pozzo-di-borgo-et-regard-sur-le-handicap\/","title":{"rendered":"Entretien avec Philippe Pozzo di Borgo (pr\u00e9sident d\u2019honneur de l&#8217;association Simon de Cyr\u00e8ne) et regard sur le handicap"},"content":{"rendered":"<iframe  id=\"_ytid_65176\"  width=\"920\" height=\"517\"  data-origwidth=\"920\" data-origheight=\"517\"  data-relstop=\"1\" src=\"https:\/\/www.youtube.com\/embed\/jdLH5QSVYSg?enablejsapi=1&autoplay=0&cc_load_policy=0&cc_lang_pref=&iv_load_policy=1&loop=0&modestbranding=0&rel=0&fs=1&playsinline=0&autohide=2&theme=dark&color=red&controls=1&\" class=\"__youtube_prefs__  no-lazyload\" title=\"YouTube player\"  allow=\"fullscreen; accelerometer; autoplay; clipboard-write; encrypted-media; gyroscope; picture-in-picture\" allowfullscreen data-no-lazy=\"1\" data-skipgform_ajax_framebjll=\"\"><\/iframe>\n<p><span style=\"font-weight: 400;\">T\u00e9trapl\u00e9gique depuis 30 ans, Philippe a travers\u00e9 une p\u00e9riode longue et douloureuse avant accepter son handicap et de faire une v\u00e9ritable force de sa fragilit\u00e9. Il la consid\u00e8re aujourd&#8217;hui &#8220;comme une alli\u00e9e&#8221;. Pr\u00e9sident d&#8217;honneur de l&#8217;association Simon de Cyr\u00e8ne, Philippe \u00e9voque les objectifs de l&#8217;association et explique comment le Fonds de Garantie des Victimes a permis \u00e0 cette organisation d&#8217;\u00e9voluer.<\/span><\/p>\n<p><a href=\"https:\/\/rapportdactivitefgv.lmc-prod.fr\/2021\/wp-content\/uploads\/2022\/11\/p-pozzo-di-borgo.jpg\"><img loading=\"lazy\" class=\"wp-image-3200 size-large\" title=\"olivier bataclan 2209\" src=\"https:\/\/rapportdactivitefgv.lmc-prod.fr\/2021\/wp-content\/uploads\/2022\/11\/p-pozzo-di-borgo-1024x588.jpg\" alt=\"p pozzo di borgo\" width=\"1024\" height=\"588\" srcset=\"https:\/\/rapportdactivite.fondsdegarantie.fr\/2021\/wp-content\/uploads\/2022\/11\/p-pozzo-di-borgo-1024x588.jpg 1024w, https:\/\/rapportdactivite.fondsdegarantie.fr\/2021\/wp-content\/uploads\/2022\/11\/p-pozzo-di-borgo-300x172.jpg 300w, https:\/\/rapportdactivite.fondsdegarantie.fr\/2021\/wp-content\/uploads\/2022\/11\/p-pozzo-di-borgo-768x441.jpg 768w, https:\/\/rapportdactivite.fondsdegarantie.fr\/2021\/wp-content\/uploads\/2022\/11\/p-pozzo-di-borgo-1536x882.jpg 1536w, https:\/\/rapportdactivite.fondsdegarantie.fr\/2021\/wp-content\/uploads\/2022\/11\/p-pozzo-di-borgo-600x344.jpg 600w, https:\/\/rapportdactivite.fondsdegarantie.fr\/2021\/wp-content\/uploads\/2022\/11\/p-pozzo-di-borgo.jpg 1862w\" sizes=\"(max-width: 1024px) 100vw, 1024px\" \/><\/a><\/p>\n","protected":false},"excerpt":{"rendered":"<p>T\u00e9trapl\u00e9gique depuis 30 ans, Philippe a travers\u00e9 une p\u00e9riode longue et douloureuse avant accepter son handicap et de faire une v\u00e9ritable force de sa fragilit\u00e9. Il la consid\u00e8re aujourd&#8217;hui &#8220;comme une alli\u00e9e&#8221;. Pr\u00e9sident d&#8217;honneur de l&#8217;association Simon de Cyr\u00e8ne, Philippe \u00e9voque les objectifs de l&#8217;association et explique comment le Fonds de Garantie des Victimes a permis \u00e0 cette organisation d&#8217;\u00e9voluer.<\/p>\n","protected":false},"author":1,"featured_media":3200,"comment_status":"closed","ping_status":"closed","sticky":false,"template":"","format":"standard","meta":[],"categories":[25],"tags":[],"yoast_head":"<!-- This site is optimized with the Yoast SEO plugin v19.7.2 - https:\/\/yoast.com\/wordpress\/plugins\/seo\/ -->\n<title>Entretien avec Philippe Pozzo di Borgo (pr\u00e9sident d\u2019honneur de l&#039;association Simon de Cyr\u00e8ne) et regard sur le handicap - Rapport d&#039;Activit\u00e9 2020\/2021 | Le Fonds de Garantie des Victimes<\/title>\n<meta name=\"robots\" content=\"index, follow, max-snippet:-1, max-image-preview:large, max-video-preview:-1\" \/>\n<link rel=\"canonical\" href=\"https:\/\/rapportdactivite.fondsdegarantie.fr\/2021\/entretien-avec-philippe-pozzo-di-borgo-et-regard-sur-le-handicap\/\" \/>\n<meta property=\"og:locale\" content=\"en_US\" \/>\n<meta property=\"og:type\" content=\"article\" \/>\n<meta property=\"og:title\" content=\"Entretien avec Philippe Pozzo di Borgo (pr\u00e9sident d\u2019honneur de l&#039;association Simon de Cyr\u00e8ne) et regard sur le handicap - Rapport d&#039;Activit\u00e9 2020\/2021 | Le Fonds de Garantie des Victimes\" \/>\n<meta property=\"og:description\" content=\"T\u00e9trapl\u00e9gique depuis 30 ans, Philippe a travers\u00e9 une p\u00e9riode longue et douloureuse avant accepter son handicap et de faire une v\u00e9ritable force de sa fragilit\u00e9. Il la consid\u00e8re aujourd&#8217;hui &#8220;comme une alli\u00e9e&#8221;. Pr\u00e9sident d&#8217;honneur de l&#8217;association Simon de Cyr\u00e8ne, Philippe \u00e9voque les objectifs de l&#8217;association et explique comment le Fonds de Garantie des Victimes a permis \u00e0 cette organisation d&#8217;\u00e9voluer.\" \/>\n<meta property=\"og:url\" content=\"https:\/\/rapportdactivite.fondsdegarantie.fr\/2021\/entretien-avec-philippe-pozzo-di-borgo-et-regard-sur-le-handicap\/\" \/>\n<meta property=\"og:site_name\" content=\"Rapport d&#039;Activit\u00e9 2020\/2021 | Le Fonds de Garantie des Victimes\" \/>\n<meta property=\"article:published_time\" content=\"2022-11-10T14:27:47+00:00\" \/>\n<meta property=\"article:modified_time\" content=\"2022-11-30T16:14:24+00:00\" \/>\n<meta property=\"og:image\" content=\"https:\/\/rapportdactivite.fondsdegarantie.fr\/2021\/wp-content\/uploads\/2022\/11\/p-pozzo-di-borgo.jpg\" \/>\n\t<meta property=\"og:image:width\" content=\"1862\" \/>\n\t<meta property=\"og:image:height\" content=\"1069\" \/>\n\t<meta property=\"og:image:type\" content=\"image\/jpeg\" \/>\n<meta name=\"author\" content=\"Admin\" \/>\n<meta name=\"twitter:card\" content=\"summary_large_image\" \/>\n<meta name=\"twitter:label1\" content=\"Written by\" \/>\n\t<meta name=\"twitter:data1\" content=\"Admin\" \/>\n\t<meta name=\"twitter:label2\" content=\"Est. reading time\" \/>\n\t<meta name=\"twitter:data2\" content=\"1 minute\" \/>\n<script type=\"application\/ld+json\" class=\"yoast-schema-graph\">{\"@context\":\"https:\/\/schema.org\",\"@graph\":[{\"@type\":\"WebPage\",\"@id\":\"https:\/\/rapportdactivite.fondsdegarantie.fr\/2021\/entretien-avec-philippe-pozzo-di-borgo-et-regard-sur-le-handicap\/\",\"url\":\"https:\/\/rapportdactivite.fondsdegarantie.fr\/2021\/entretien-avec-philippe-pozzo-di-borgo-et-regard-sur-le-handicap\/\",\"name\":\"Entretien avec Philippe Pozzo di Borgo (pr\u00e9sident d\u2019honneur de l'association Simon de Cyr\u00e8ne) et regard sur le handicap - Rapport d&#039;Activit\u00e9 2020\/2021 | Le Fonds de Garantie des Victimes\",\"isPartOf\":{\"@id\":\"https:\/\/rapportdactivite.fondsdegarantie.fr\/2021\/#website\"},\"datePublished\":\"2022-11-10T14:27:47+00:00\",\"dateModified\":\"2022-11-30T16:14:24+00:00\",\"author\":{\"@id\":\"https:\/\/rapportdactivite.fondsdegarantie.fr\/2021\/#\/schema\/person\/2108d4f07fa30e569dd2419219ce622b\"},\"breadcrumb\":{\"@id\":\"https:\/\/rapportdactivite.fondsdegarantie.fr\/2021\/entretien-avec-philippe-pozzo-di-borgo-et-regard-sur-le-handicap\/#breadcrumb\"},\"inLanguage\":\"en-US\",\"potentialAction\":[{\"@type\":\"ReadAction\",\"target\":[\"https:\/\/rapportdactivite.fondsdegarantie.fr\/2021\/entretien-avec-philippe-pozzo-di-borgo-et-regard-sur-le-handicap\/\"]}]},{\"@type\":\"BreadcrumbList\",\"@id\":\"https:\/\/rapportdactivite.fondsdegarantie.fr\/2021\/entretien-avec-philippe-pozzo-di-borgo-et-regard-sur-le-handicap\/#breadcrumb\",\"itemListElement\":[{\"@type\":\"ListItem\",\"position\":1,\"name\":\"Accueil\",\"item\":\"https:\/\/rapportdactivite.fondsdegarantie.fr\/2021\/\"},{\"@type\":\"ListItem\",\"position\":2,\"name\":\"Entretien avec Philippe Pozzo di Borgo (pr\u00e9sident d\u2019honneur de l&#8217;association Simon de Cyr\u00e8ne) et regard sur le handicap\"}]},{\"@type\":\"WebSite\",\"@id\":\"https:\/\/rapportdactivite.fondsdegarantie.fr\/2021\/#website\",\"url\":\"https:\/\/rapportdactivite.fondsdegarantie.fr\/2021\/\",\"name\":\"Rapport d&#039;Activit\u00e9 2020\/2021 | Le Fonds de Garantie des Victimes\",\"description\":\"Rapport d&#039;Activit\u00e9 2019\/2020 | Le Fonds de Garantie des Victimes\",\"potentialAction\":[{\"@type\":\"SearchAction\",\"target\":{\"@type\":\"EntryPoint\",\"urlTemplate\":\"https:\/\/rapportdactivite.fondsdegarantie.fr\/2021\/?s={search_term_string}\"},\"query-input\":\"required name=search_term_string\"}],\"inLanguage\":\"en-US\"},{\"@type\":\"Person\",\"@id\":\"https:\/\/rapportdactivite.fondsdegarantie.fr\/2021\/#\/schema\/person\/2108d4f07fa30e569dd2419219ce622b\",\"name\":\"Admin\",\"sameAs\":[\"https:\/\/rapportdactivite.fondsdegarantie.fr\/2019\"],\"url\":\"https:\/\/rapportdactivite.fondsdegarantie.fr\/2021\/author\/admin\/\"}]}<\/script>\n<!-- \/ Yoast SEO plugin. -->","yoast_head_json":{"title":"Entretien avec Philippe Pozzo di Borgo (pr\u00e9sident d\u2019honneur de l'association Simon de Cyr\u00e8ne) et regard sur le handicap - Rapport d&#039;Activit\u00e9 2020\/2021 | Le Fonds de Garantie des Victimes","robots":{"index":"index","follow":"follow","max-snippet":"max-snippet:-1","max-image-preview":"max-image-preview:large","max-video-preview":"max-video-preview:-1"},"canonical":"https:\/\/rapportdactivite.fondsdegarantie.fr\/2021\/entretien-avec-philippe-pozzo-di-borgo-et-regard-sur-le-handicap\/","og_locale":"en_US","og_type":"article","og_title":"Entretien avec Philippe Pozzo di Borgo (pr\u00e9sident d\u2019honneur de l'association Simon de Cyr\u00e8ne) et regard sur le handicap - Rapport d&#039;Activit\u00e9 2020\/2021 | Le Fonds de Garantie des Victimes","og_description":"T\u00e9trapl\u00e9gique depuis 30 ans, Philippe a travers\u00e9 une p\u00e9riode longue et douloureuse avant accepter son handicap et de faire une v\u00e9ritable force de sa fragilit\u00e9. Il la consid\u00e8re aujourd&#8217;hui &#8220;comme une alli\u00e9e&#8221;. Pr\u00e9sident d&#8217;honneur de l&#8217;association Simon de Cyr\u00e8ne, Philippe \u00e9voque les objectifs de l&#8217;association et explique comment le Fonds de Garantie des Victimes a permis \u00e0 cette organisation d&#8217;\u00e9voluer.","og_url":"https:\/\/rapportdactivite.fondsdegarantie.fr\/2021\/entretien-avec-philippe-pozzo-di-borgo-et-regard-sur-le-handicap\/","og_site_name":"Rapport d&#039;Activit\u00e9 2020\/2021 | Le Fonds de Garantie des Victimes","article_published_time":"2022-11-10T14:27:47+00:00","article_modified_time":"2022-11-30T16:14:24+00:00","og_image":[{"width":1862,"height":1069,"url":"https:\/\/rapportdactivite.fondsdegarantie.fr\/2021\/wp-content\/uploads\/2022\/11\/p-pozzo-di-borgo.jpg","type":"image\/jpeg"}],"author":"Admin","twitter_card":"summary_large_image","twitter_misc":{"Written by":"Admin","Est. reading time":"1 minute"},"schema":{"@context":"https:\/\/schema.org","@graph":[{"@type":"WebPage","@id":"https:\/\/rapportdactivite.fondsdegarantie.fr\/2021\/entretien-avec-philippe-pozzo-di-borgo-et-regard-sur-le-handicap\/","url":"https:\/\/rapportdactivite.fondsdegarantie.fr\/2021\/entretien-avec-philippe-pozzo-di-borgo-et-regard-sur-le-handicap\/","name":"Entretien avec Philippe Pozzo di Borgo (pr\u00e9sident d\u2019honneur de l'association Simon de Cyr\u00e8ne) et regard sur le handicap - Rapport d&#039;Activit\u00e9 2020\/2021 | Le Fonds de Garantie des Victimes","isPartOf":{"@id":"https:\/\/rapportdactivite.fondsdegarantie.fr\/2021\/#website"},"datePublished":"2022-11-10T14:27:47+00:00","dateModified":"2022-11-30T16:14:24+00:00","author":{"@id":"https:\/\/rapportdactivite.fondsdegarantie.fr\/2021\/#\/schema\/person\/2108d4f07fa30e569dd2419219ce622b"},"breadcrumb":{"@id":"https:\/\/rapportdactivite.fondsdegarantie.fr\/2021\/entretien-avec-philippe-pozzo-di-borgo-et-regard-sur-le-handicap\/#breadcrumb"},"inLanguage":"en-US","potentialAction":[{"@type":"ReadAction","target":["https:\/\/rapportdactivite.fondsdegarantie.fr\/2021\/entretien-avec-philippe-pozzo-di-borgo-et-regard-sur-le-handicap\/"]}]},{"@type":"BreadcrumbList","@id":"https:\/\/rapportdactivite.fondsdegarantie.fr\/2021\/entretien-avec-philippe-pozzo-di-borgo-et-regard-sur-le-handicap\/#breadcrumb","itemListElement":[{"@type":"ListItem","position":1,"name":"Accueil","item":"https:\/\/rapportdactivite.fondsdegarantie.fr\/2021\/"},{"@type":"ListItem","position":2,"name":"Entretien avec Philippe Pozzo di Borgo (pr\u00e9sident d\u2019honneur de l&#8217;association Simon de Cyr\u00e8ne) et regard sur le handicap"}]},{"@type":"WebSite","@id":"https:\/\/rapportdactivite.fondsdegarantie.fr\/2021\/#website","url":"https:\/\/rapportdactivite.fondsdegarantie.fr\/2021\/","name":"Rapport d&#039;Activit\u00e9 2020\/2021 | Le Fonds de Garantie des Victimes","description":"Rapport d&#039;Activit\u00e9 2019\/2020 | Le Fonds de Garantie des Victimes","potentialAction":[{"@type":"SearchAction","target":{"@type":"EntryPoint","urlTemplate":"https:\/\/rapportdactivite.fondsdegarantie.fr\/2021\/?s={search_term_string}"},"query-input":"required name=search_term_string"}],"inLanguage":"en-US"},{"@type":"Person","@id":"https:\/\/rapportdactivite.fondsdegarantie.fr\/2021\/#\/schema\/person\/2108d4f07fa30e569dd2419219ce622b","name":"Admin","sameAs":["https:\/\/rapportdactivite.fondsdegarantie.fr\/2019"],"url":"https:\/\/rapportdactivite.fondsdegarantie.fr\/2021\/author\/admin\/"}]}},"views":774,"_links":{"self":[{"href":"https:\/\/rapportdactivite.fondsdegarantie.fr\/2021\/wp-json\/wp\/v2\/posts\/3188"}],"collection":[{"href":"https:\/\/rapportdactivite.fondsdegarantie.fr\/2021\/wp-json\/wp\/v2\/posts"}],"about":[{"href":"https:\/\/rapportdactivite.fondsdegarantie.fr\/2021\/wp-json\/wp\/v2\/types\/post"}],"author":[{"embeddable":true,"href":"https:\/\/rapportdactivite.fondsdegarantie.fr\/2021\/wp-json\/wp\/v2\/users\/1"}],"replies":[{"embeddable":true,"href":"https:\/\/rapportdactivite.fondsdegarantie.fr\/2021\/wp-json\/wp\/v2\/comments?post=3188"}],"version-history":[{"count":14,"href":"https:\/\/rapportdactivite.fondsdegarantie.fr\/2021\/wp-json\/wp\/v2\/posts\/3188\/revisions"}],"predecessor-version":[{"id":3540,"href":"https:\/\/rapportdactivite.fondsdegarantie.fr\/2021\/wp-json\/wp\/v2\/posts\/3188\/revisions\/3540"}],"wp:featuredmedia":[{"embeddable":true,"href":"https:\/\/rapportdactivite.fondsdegarantie.fr\/2021\/wp-json\/wp\/v2\/media\/3200"}],"wp:attachment":[{"href":"https:\/\/rapportdactivite.fondsdegarantie.fr\/2021\/wp-json\/wp\/v2\/media?parent=3188"}],"wp:term":[{"taxonomy":"category","embeddable":true,"href":"https:\/\/rapportdactivite.fondsdegarantie.fr\/2021\/wp-json\/wp\/v2\/categories?post=3188"},{"taxonomy":"post_tag","embeddable":true,"href":"https:\/\/rapportdactivite.fondsdegarantie.fr\/2021\/wp-json\/wp\/v2\/tags?post=3188"}],"curies":[{"name":"wp","href":"https:\/\/api.w.org\/{rel}","templated":true}]}}