{"id":3600,"date":"2022-12-07T10:53:18","date_gmt":"2022-12-07T09:53:18","guid":{"rendered":"https:\/\/rapportdactivitefgv.lmc-prod.fr\/2021\/?p=3600"},"modified":"2022-12-07T16:38:30","modified_gmt":"2022-12-07T15:38:30","slug":"simon-de-cyrene","status":"publish","type":"post","link":"https:\/\/rapportdactivite.fondsdegarantie.fr\/2021\/simon-de-cyrene\/","title":{"rendered":"Partenariat avec l&#8217;association Simon de Cyr\u00e8ne"},"content":{"rendered":"<iframe  id=\"_ytid_18697\"  width=\"920\" height=\"517\"  data-origwidth=\"920\" data-origheight=\"517\"  data-relstop=\"1\" src=\"https:\/\/www.youtube.com\/embed\/lYhRhgdl0JY?enablejsapi=1&autoplay=0&cc_load_policy=0&cc_lang_pref=&iv_load_policy=1&loop=0&modestbranding=0&rel=0&fs=1&playsinline=0&autohide=2&theme=dark&color=red&controls=1&\" class=\"__youtube_prefs__  no-lazyload\" title=\"YouTube player\"  allow=\"fullscreen; accelerometer; autoplay; clipboard-write; encrypted-media; gyroscope; picture-in-picture\" allowfullscreen data-no-lazy=\"1\" data-skipgform_ajax_framebjll=\"\"><\/iframe>\n<p><span style=\"font-weight: 400;\">Le Fonds de Garantie place la reconstruction de projets de vie au sein de ses priorit\u00e9s. C&#8217;est le sens de son partenariat avec l&#8217;association Simon de Cyr\u00e8ne, \u00e0 travers lequel le Fonds a contribu\u00e9 au d\u00e9veloppement de maisons partag\u00e9es entre personnes valides et en situation de handicap, comme \u00e0 Vanves ou \u00e0 Marseille.<\/span><\/p>\n<p>&nbsp;<\/p>\n","protected":false},"excerpt":{"rendered":"<p>Le Fonds de Garantie place la reconstruction de projets de vie au sein de ses priorit\u00e9s. C&#8217;est le sens de son partenariat avec l&#8217;association Simon de Cyr\u00e8ne, \u00e0 travers lequel le Fonds a contribu\u00e9 au d\u00e9veloppement de maisons partag\u00e9es entre personnes valides et en situation de handicap, comme \u00e0 Vanves ou \u00e0 Marseille. &nbsp;<\/p>\n","protected":false},"author":1,"featured_media":3615,"comment_status":"closed","ping_status":"closed","sticky":false,"template":"","format":"standard","meta":[],"categories":[27],"tags":[],"yoast_head":"<!-- This site is optimized with the Yoast SEO plugin v19.7.2 - https:\/\/yoast.com\/wordpress\/plugins\/seo\/ -->\n<title>Partenariat avec l&#039;association Simon de Cyr\u00e8ne - Rapport d&#039;Activit\u00e9 2020\/2021 | Le Fonds de Garantie des Victimes<\/title>\n<meta name=\"robots\" content=\"index, follow, max-snippet:-1, max-image-preview:large, max-video-preview:-1\" \/>\n<link rel=\"canonical\" href=\"https:\/\/rapportdactivite.fondsdegarantie.fr\/2021\/simon-de-cyrene\/\" \/>\n<meta property=\"og:locale\" content=\"en_US\" \/>\n<meta property=\"og:type\" content=\"article\" \/>\n<meta property=\"og:title\" content=\"Partenariat avec l&#039;association Simon de Cyr\u00e8ne - Rapport d&#039;Activit\u00e9 2020\/2021 | Le Fonds de Garantie des Victimes\" \/>\n<meta property=\"og:description\" content=\"Le Fonds de Garantie place la reconstruction de projets de vie au sein de ses priorit\u00e9s. C&#8217;est le sens de son partenariat avec l&#8217;association Simon de Cyr\u00e8ne, \u00e0 travers lequel le Fonds a contribu\u00e9 au d\u00e9veloppement de maisons partag\u00e9es entre personnes valides et en situation de handicap, comme \u00e0 Vanves ou \u00e0 Marseille. &nbsp;\" \/>\n<meta property=\"og:url\" content=\"https:\/\/rapportdactivite.fondsdegarantie.fr\/2021\/simon-de-cyrene\/\" \/>\n<meta property=\"og:site_name\" content=\"Rapport d&#039;Activit\u00e9 2020\/2021 | Le Fonds de Garantie des Victimes\" \/>\n<meta property=\"article:published_time\" content=\"2022-12-07T09:53:18+00:00\" \/>\n<meta property=\"article:modified_time\" content=\"2022-12-07T15:38:30+00:00\" \/>\n<meta property=\"og:image\" content=\"https:\/\/rapportdactivite.fondsdegarantie.fr\/2021\/wp-content\/uploads\/2022\/12\/2022-12-07_11-03-58-2-e1670427499796.jpg\" \/>\n\t<meta property=\"og:image:width\" content=\"473\" \/>\n\t<meta property=\"og:image:height\" content=\"403\" \/>\n\t<meta property=\"og:image:type\" content=\"image\/jpeg\" \/>\n<meta name=\"author\" content=\"Admin\" \/>\n<meta name=\"twitter:card\" content=\"summary_large_image\" \/>\n<meta name=\"twitter:label1\" content=\"Written by\" \/>\n\t<meta name=\"twitter:data1\" content=\"Admin\" \/>\n\t<meta name=\"twitter:label2\" content=\"Est. reading time\" \/>\n\t<meta name=\"twitter:data2\" content=\"1 minute\" \/>\n<script type=\"application\/ld+json\" class=\"yoast-schema-graph\">{\"@context\":\"https:\/\/schema.org\",\"@graph\":[{\"@type\":\"WebPage\",\"@id\":\"https:\/\/rapportdactivite.fondsdegarantie.fr\/2021\/simon-de-cyrene\/\",\"url\":\"https:\/\/rapportdactivite.fondsdegarantie.fr\/2021\/simon-de-cyrene\/\",\"name\":\"Partenariat avec l'association Simon de Cyr\u00e8ne - Rapport d&#039;Activit\u00e9 2020\/2021 | Le Fonds de Garantie des Victimes\",\"isPartOf\":{\"@id\":\"https:\/\/rapportdactivite.fondsdegarantie.fr\/2021\/#website\"},\"datePublished\":\"2022-12-07T09:53:18+00:00\",\"dateModified\":\"2022-12-07T15:38:30+00:00\",\"author\":{\"@id\":\"https:\/\/rapportdactivite.fondsdegarantie.fr\/2021\/#\/schema\/person\/2108d4f07fa30e569dd2419219ce622b\"},\"breadcrumb\":{\"@id\":\"https:\/\/rapportdactivite.fondsdegarantie.fr\/2021\/simon-de-cyrene\/#breadcrumb\"},\"inLanguage\":\"en-US\",\"potentialAction\":[{\"@type\":\"ReadAction\",\"target\":[\"https:\/\/rapportdactivite.fondsdegarantie.fr\/2021\/simon-de-cyrene\/\"]}]},{\"@type\":\"BreadcrumbList\",\"@id\":\"https:\/\/rapportdactivite.fondsdegarantie.fr\/2021\/simon-de-cyrene\/#breadcrumb\",\"itemListElement\":[{\"@type\":\"ListItem\",\"position\":1,\"name\":\"Accueil\",\"item\":\"https:\/\/rapportdactivite.fondsdegarantie.fr\/2021\/\"},{\"@type\":\"ListItem\",\"position\":2,\"name\":\"Partenariat avec l&#8217;association Simon de Cyr\u00e8ne\"}]},{\"@type\":\"WebSite\",\"@id\":\"https:\/\/rapportdactivite.fondsdegarantie.fr\/2021\/#website\",\"url\":\"https:\/\/rapportdactivite.fondsdegarantie.fr\/2021\/\",\"name\":\"Rapport d&#039;Activit\u00e9 2020\/2021 | Le Fonds de Garantie des Victimes\",\"description\":\"Rapport d&#039;Activit\u00e9 2019\/2020 | Le Fonds de Garantie des Victimes\",\"potentialAction\":[{\"@type\":\"SearchAction\",\"target\":{\"@type\":\"EntryPoint\",\"urlTemplate\":\"https:\/\/rapportdactivite.fondsdegarantie.fr\/2021\/?s={search_term_string}\"},\"query-input\":\"required name=search_term_string\"}],\"inLanguage\":\"en-US\"},{\"@type\":\"Person\",\"@id\":\"https:\/\/rapportdactivite.fondsdegarantie.fr\/2021\/#\/schema\/person\/2108d4f07fa30e569dd2419219ce622b\",\"name\":\"Admin\",\"sameAs\":[\"https:\/\/rapportdactivite.fondsdegarantie.fr\/2019\"],\"url\":\"https:\/\/rapportdactivite.fondsdegarantie.fr\/2021\/author\/admin\/\"}]}<\/script>\n<!-- \/ Yoast SEO plugin. -->","yoast_head_json":{"title":"Partenariat avec l'association Simon de Cyr\u00e8ne - Rapport d&#039;Activit\u00e9 2020\/2021 | Le Fonds de Garantie des Victimes","robots":{"index":"index","follow":"follow","max-snippet":"max-snippet:-1","max-image-preview":"max-image-preview:large","max-video-preview":"max-video-preview:-1"},"canonical":"https:\/\/rapportdactivite.fondsdegarantie.fr\/2021\/simon-de-cyrene\/","og_locale":"en_US","og_type":"article","og_title":"Partenariat avec l'association Simon de Cyr\u00e8ne - Rapport d&#039;Activit\u00e9 2020\/2021 | Le Fonds de Garantie des Victimes","og_description":"Le Fonds de Garantie place la reconstruction de projets de vie au sein de ses priorit\u00e9s. C&#8217;est le sens de son partenariat avec l&#8217;association Simon de Cyr\u00e8ne, \u00e0 travers lequel le Fonds a contribu\u00e9 au d\u00e9veloppement de maisons partag\u00e9es entre personnes valides et en situation de handicap, comme \u00e0 Vanves ou \u00e0 Marseille. &nbsp;","og_url":"https:\/\/rapportdactivite.fondsdegarantie.fr\/2021\/simon-de-cyrene\/","og_site_name":"Rapport d&#039;Activit\u00e9 2020\/2021 | Le Fonds de Garantie des Victimes","article_published_time":"2022-12-07T09:53:18+00:00","article_modified_time":"2022-12-07T15:38:30+00:00","og_image":[{"width":473,"height":403,"url":"https:\/\/rapportdactivite.fondsdegarantie.fr\/2021\/wp-content\/uploads\/2022\/12\/2022-12-07_11-03-58-2-e1670427499796.jpg","type":"image\/jpeg"}],"author":"Admin","twitter_card":"summary_large_image","twitter_misc":{"Written by":"Admin","Est. reading time":"1 minute"},"schema":{"@context":"https:\/\/schema.org","@graph":[{"@type":"WebPage","@id":"https:\/\/rapportdactivite.fondsdegarantie.fr\/2021\/simon-de-cyrene\/","url":"https:\/\/rapportdactivite.fondsdegarantie.fr\/2021\/simon-de-cyrene\/","name":"Partenariat avec l'association Simon de Cyr\u00e8ne - Rapport d&#039;Activit\u00e9 2020\/2021 | Le Fonds de Garantie des Victimes","isPartOf":{"@id":"https:\/\/rapportdactivite.fondsdegarantie.fr\/2021\/#website"},"datePublished":"2022-12-07T09:53:18+00:00","dateModified":"2022-12-07T15:38:30+00:00","author":{"@id":"https:\/\/rapportdactivite.fondsdegarantie.fr\/2021\/#\/schema\/person\/2108d4f07fa30e569dd2419219ce622b"},"breadcrumb":{"@id":"https:\/\/rapportdactivite.fondsdegarantie.fr\/2021\/simon-de-cyrene\/#breadcrumb"},"inLanguage":"en-US","potentialAction":[{"@type":"ReadAction","target":["https:\/\/rapportdactivite.fondsdegarantie.fr\/2021\/simon-de-cyrene\/"]}]},{"@type":"BreadcrumbList","@id":"https:\/\/rapportdactivite.fondsdegarantie.fr\/2021\/simon-de-cyrene\/#breadcrumb","itemListElement":[{"@type":"ListItem","position":1,"name":"Accueil","item":"https:\/\/rapportdactivite.fondsdegarantie.fr\/2021\/"},{"@type":"ListItem","position":2,"name":"Partenariat avec l&#8217;association Simon de Cyr\u00e8ne"}]},{"@type":"WebSite","@id":"https:\/\/rapportdactivite.fondsdegarantie.fr\/2021\/#website","url":"https:\/\/rapportdactivite.fondsdegarantie.fr\/2021\/","name":"Rapport d&#039;Activit\u00e9 2020\/2021 | Le Fonds de Garantie des Victimes","description":"Rapport d&#039;Activit\u00e9 2019\/2020 | Le Fonds de Garantie des Victimes","potentialAction":[{"@type":"SearchAction","target":{"@type":"EntryPoint","urlTemplate":"https:\/\/rapportdactivite.fondsdegarantie.fr\/2021\/?s={search_term_string}"},"query-input":"required name=search_term_string"}],"inLanguage":"en-US"},{"@type":"Person","@id":"https:\/\/rapportdactivite.fondsdegarantie.fr\/2021\/#\/schema\/person\/2108d4f07fa30e569dd2419219ce622b","name":"Admin","sameAs":["https:\/\/rapportdactivite.fondsdegarantie.fr\/2019"],"url":"https:\/\/rapportdactivite.fondsdegarantie.fr\/2021\/author\/admin\/"}]}},"views":226,"_links":{"self":[{"href":"https:\/\/rapportdactivite.fondsdegarantie.fr\/2021\/wp-json\/wp\/v2\/posts\/3600"}],"collection":[{"href":"https:\/\/rapportdactivite.fondsdegarantie.fr\/2021\/wp-json\/wp\/v2\/posts"}],"about":[{"href":"https:\/\/rapportdactivite.fondsdegarantie.fr\/2021\/wp-json\/wp\/v2\/types\/post"}],"author":[{"embeddable":true,"href":"https:\/\/rapportdactivite.fondsdegarantie.fr\/2021\/wp-json\/wp\/v2\/users\/1"}],"replies":[{"embeddable":true,"href":"https:\/\/rapportdactivite.fondsdegarantie.fr\/2021\/wp-json\/wp\/v2\/comments?post=3600"}],"version-history":[{"count":13,"href":"https:\/\/rapportdactivite.fondsdegarantie.fr\/2021\/wp-json\/wp\/v2\/posts\/3600\/revisions"}],"predecessor-version":[{"id":3617,"href":"https:\/\/rapportdactivite.fondsdegarantie.fr\/2021\/wp-json\/wp\/v2\/posts\/3600\/revisions\/3617"}],"wp:featuredmedia":[{"embeddable":true,"href":"https:\/\/rapportdactivite.fondsdegarantie.fr\/2021\/wp-json\/wp\/v2\/media\/3615"}],"wp:attachment":[{"href":"https:\/\/rapportdactivite.fondsdegarantie.fr\/2021\/wp-json\/wp\/v2\/media?parent=3600"}],"wp:term":[{"taxonomy":"category","embeddable":true,"href":"https:\/\/rapportdactivite.fondsdegarantie.fr\/2021\/wp-json\/wp\/v2\/categories?post=3600"},{"taxonomy":"post_tag","embeddable":true,"href":"https:\/\/rapportdactivite.fondsdegarantie.fr\/2021\/wp-json\/wp\/v2\/tags?post=3600"}],"curies":[{"name":"wp","href":"https:\/\/api.w.org\/{rel}","templated":true}]}}